{"id":225,"date":"2014-02-26T21:39:24","date_gmt":"2014-02-26T21:39:24","guid":{"rendered":"http:\/\/www.tuexitoacademico.com\/blog\/?p=225"},"modified":"2019-10-02T01:40:01","modified_gmt":"2019-10-02T01:40:01","slug":"marco-teorico-de-la-tesis","status":"publish","type":"post","link":"https:\/\/www.tuexitoacademico.com\/blog\/marco-teorico\/marco-teorico-de-la-tesis\/","title":{"rendered":"Marco Teorico de la Tesis o Trabajo de la investigacion"},"content":{"rendered":"<h1>Marco Teorico de la Tesis las bases teorico que fundamentan los resultados.<\/h1>\n<p style=\"text-align: justify;\"><strong>Marco teorico<\/strong> es el Cap\u00edtulo II de la tesis o trabajo de investigaci\u00f3n el cual contempla los antecedentes y teor\u00edas que sustentan o rechazan los resultados obtenidos en la investigaci\u00f3n.<\/p>\n<p style=\"text-align: justify;\">Por eso se llama Capitulo II Marco Te\u00f3rico, seg\u00fan la normativa de la instituci\u00f3n este cap\u00edtulo puede comenzar con los antecedentes y continuar con las bases te\u00f3ricas.<\/p>\n<p style=\"text-align: justify;\">Los antecedentes oscilan entre 4 o 5 investigaciones que tienen relaci\u00f3n con el tema estudiado y que tienen una antiguedad de m\u00e1ximo 5 a\u00f1os.<\/p>\n<p style=\"text-align: justify;\">Estos antecedentes demuestran que otros investigadores tuvieron esa misma l\u00ednea de investigaci\u00f3n y que sus resultados ser\u00e1n aportes para la investigaci\u00f3n en cuesti\u00f3n.<\/p>\n<p style=\"text-align: justify;\">Se especifica segun las Normas APA y al final se debe describir el por qu\u00e9 tu lo seleccionaste como antecedente.<\/p>\n<p style=\"text-align: justify;\">Las bases te\u00f3ricas es de gran importancia en la ivestigaci\u00f3n porque es la parte donde tu como investigador demuestras tu capacidad para relacionar y analizar las teor\u00edas, postulados y conceptos con sus variables dentro del contexto estudiado.<\/p>\n<p style=\"text-align: justify;\">Siempre que coloques una teor\u00eda debes agregar al final o en el desarrollo p\u00e1rrafos con el an\u00e1lisis o relaci\u00f3n con la variable en estudio, es decir, el lector de la tesis siempre debe tener presente cual es el problema que se quiere resolver.<\/p>\n<p style=\"text-align: justify;\">Es frecuente encontrar en el cap\u00edtulo II informaci\u00f3n que se coloca para rellenar la tesis y que no ofrece ninguna respuesta o no es posible utilizar para sustentar los resultados del cap\u00edtulo IV.<\/p>\n<p style=\"text-align: justify;\"><img fetchpriority=\"high\" decoding=\"async\" class=\"aligncenter size-full wp-image-285\" src=\"http:\/\/www.tuexitoacademico.com\/blog\/wp-content\/uploads\/2014\/02\/Screenshot_19.png\" alt=\"marco teorico\" width=\"967\" height=\"561\" srcset=\"https:\/\/www.tuexitoacademico.com\/blog\/wp-content\/uploads\/2014\/02\/Screenshot_19.png 967w, https:\/\/www.tuexitoacademico.com\/blog\/wp-content\/uploads\/2014\/02\/Screenshot_19-300x174.png 300w, https:\/\/www.tuexitoacademico.com\/blog\/wp-content\/uploads\/2014\/02\/Screenshot_19-768x446.png 768w, https:\/\/www.tuexitoacademico.com\/blog\/wp-content\/uploads\/2014\/02\/Screenshot_19-200x116.png 200w\" sizes=\"(max-width: 967px) 100vw, 967px\" \/><\/p>\n<p style=\"text-align: justify;\">Tambi\u00e9n he observado en algunos trabajo Teor\u00edas no sustentadas, es decir que no hacen referencia y que se pueden considerar plagio, esto puede traerte malos ratos simplemente por no haber colocado el nombre del autor que realiz\u00f3 la investigaci\u00f3n.<\/p>\n<p style=\"text-align: justify;\">Y por \u00faltimo he encontrado que se colocan teor\u00edas (copy y page) y no se realiza ning\u00fan enlace con el problema de investigaci\u00f3n, no se demuestra la capacidad de an\u00e1lisis del estudiante, la cual deber\u00e1 ser demostrada en el capitulo IV en los resultados.<\/p>\n<p style=\"text-align: justify;\">Se puede considerar que el Capitulo II Marco Te\u00f3rico es el m\u00e1s largo y fastidioso, sin embargo es el que le da forma y sustento a todo el trabajo de investigaci\u00f3n.<\/p>\n<p style=\"text-align: justify;\">El marco teorico hacer de manera sencilla cuando se tiene las <span style=\"color: #0000ff;\"><a style=\"color: #0000ff;\" href=\"http:\/\/www.tuexitoacademico.com\/blog\/las-variables-de-un-trabajo-de-investigacion\/\" target=\"_blank\" rel=\"noopener\">variables de la investigaci\u00f3n<\/a><\/span>, porque se recomienda que construyas la tabla de operacionalizaci\u00f3n de variable, recuerda que en esta tabla se colocan los objetivos y las variables, asi como tambi\u00e9n los indicadores que miden a las variables.<\/p>\n<p style=\"text-align: justify;\"><img decoding=\"async\" class=\"aligncenter size-full wp-image-286\" src=\"http:\/\/www.tuexitoacademico.com\/blog\/wp-content\/uploads\/2014\/02\/Screenshot_20.png\" alt=\"marco teorico\" width=\"964\" height=\"571\" srcset=\"https:\/\/www.tuexitoacademico.com\/blog\/wp-content\/uploads\/2014\/02\/Screenshot_20.png 964w, https:\/\/www.tuexitoacademico.com\/blog\/wp-content\/uploads\/2014\/02\/Screenshot_20-300x178.png 300w, https:\/\/www.tuexitoacademico.com\/blog\/wp-content\/uploads\/2014\/02\/Screenshot_20-768x455.png 768w, https:\/\/www.tuexitoacademico.com\/blog\/wp-content\/uploads\/2014\/02\/Screenshot_20-200x118.png 200w\" sizes=\"(max-width: 964px) 100vw, 964px\" \/><\/p>\n<p style=\"text-align: justify;\">Para que desarrolles el cap\u00edtulo II con \u00e9xito puedes usar un mapa conceptual y trata de relacionar cada una de las bases teoricas que piensas colocar en el cap\u00edtulo, de forma que el diagrama sea cerrado.<\/p>\n<p style=\"text-align: justify;\">Es decir, que comience con la variable independente y vaya en un sentido circular, enlazandola variable dependiente en la parte mas baja y volviendo a subir hasta cerrar con la variable independiente.<\/p>\n","protected":false},"excerpt":{"rendered":"<p>Marco Teorico de la Tesis las bases teorico que fundamentan los resultados. Marco teorico es el Cap\u00edtulo II de la tesis o trabajo de investigaci\u00f3n el cual contempla los antecedentes y teor\u00edas que sustentan o rechazan los resultados obtenidos en la investigaci\u00f3n. Por eso se llama Capitulo II Marco Te\u00f3rico, seg\u00fan la normativa de la &#8230; <a title=\"Marco Teorico de la Tesis o Trabajo de la investigacion\" class=\"read-more\" href=\"https:\/\/www.tuexitoacademico.com\/blog\/marco-teorico\/marco-teorico-de-la-tesis\/\">Read more<\/a><\/p>\n","protected":false},"author":1,"featured_media":270,"comment_status":"open","ping_status":"open","sticky":false,"template":"","format":"standard","meta":{"footnotes":""},"categories":[37],"tags":[23,24,25],"class_list":["post-225","post","type-post","status-publish","format-standard","has-post-thumbnail","hentry","category-marco-teorico","tag-capitulo-ii-tesis","tag-tesis","tag-trabajo-de-investigacion"],"yoast_head":"<!-- This site is optimized with the Yoast SEO plugin v26.9 - https:\/\/yoast.com\/product\/yoast-seo-wordpress\/ -->\n<title>Marco Teorico de la Tesis o Trabajo de investigacion<\/title>\n<meta name=\"description\" content=\"Marco Teorico de la tesis o trabajo de investigaci\u00f3n es el cap\u00edtulo m\u00e1s importante porque es donde se reunen toda la teoria que sustentara el an\u00e1lisis de\" \/>\n<meta name=\"robots\" content=\"index, follow, max-snippet:-1, max-image-preview:large, max-video-preview:-1\" \/>\n<link rel=\"canonical\" href=\"https:\/\/www.tuexitoacademico.com\/blog\/marco-teorico\/marco-teorico-de-la-tesis\/\" \/>\n<meta property=\"og:locale\" content=\"es_ES\" \/>\n<meta property=\"og:type\" content=\"article\" \/>\n<meta property=\"og:title\" content=\"Marco Teorico de la Tesis o Trabajo de investigacion\" \/>\n<meta property=\"og:description\" content=\"Marco Teorico de la tesis o trabajo de investigaci\u00f3n es el cap\u00edtulo m\u00e1s importante porque es donde se reunen toda la teoria que sustentara el an\u00e1lisis de\" \/>\n<meta property=\"og:url\" content=\"https:\/\/www.tuexitoacademico.com\/blog\/marco-teorico\/marco-teorico-de-la-tesis\/\" \/>\n<meta property=\"og:site_name\" content=\"TuExitoAcademico\" \/>\n<meta property=\"article:publisher\" content=\"https:\/\/www.facebook.com\/laprofemat\" \/>\n<meta property=\"article:published_time\" content=\"2014-02-26T21:39:24+00:00\" \/>\n<meta property=\"article:modified_time\" content=\"2019-10-02T01:40:01+00:00\" \/>\n<meta property=\"og:image\" content=\"https:\/\/www.tuexitoacademico.com\/blog\/wp-content\/uploads\/2014\/02\/books-408220_640.jpg\" \/>\n\t<meta property=\"og:image:width\" content=\"640\" \/>\n\t<meta property=\"og:image:height\" content=\"426\" \/>\n\t<meta property=\"og:image:type\" content=\"image\/jpeg\" \/>\n<meta name=\"author\" content=\"laprofe\" \/>\n<meta name=\"twitter:card\" content=\"summary_large_image\" \/>\n<meta name=\"twitter:label1\" content=\"Escrito por\" \/>\n\t<meta name=\"twitter:data1\" content=\"laprofe\" \/>\n\t<meta name=\"twitter:label2\" content=\"Tiempo de lectura\" \/>\n\t<meta name=\"twitter:data2\" content=\"3 minutos\" \/>\n<script type=\"application\/ld+json\" class=\"yoast-schema-graph\">{\"@context\":\"https:\/\/schema.org\",\"@graph\":[{\"@type\":\"Article\",\"@id\":\"https:\/\/www.tuexitoacademico.com\/blog\/marco-teorico\/marco-teorico-de-la-tesis\/#article\",\"isPartOf\":{\"@id\":\"https:\/\/www.tuexitoacademico.com\/blog\/marco-teorico\/marco-teorico-de-la-tesis\/\"},\"author\":{\"name\":\"laprofe\",\"@id\":\"https:\/\/www.tuexitoacademico.com\/blog\/#\/schema\/person\/121bbf13ca9952958759a5de19347917\"},\"headline\":\"Marco Teorico de la Tesis o Trabajo de la investigacion\",\"datePublished\":\"2014-02-26T21:39:24+00:00\",\"dateModified\":\"2019-10-02T01:40:01+00:00\",\"mainEntityOfPage\":{\"@id\":\"https:\/\/www.tuexitoacademico.com\/blog\/marco-teorico\/marco-teorico-de-la-tesis\/\"},\"wordCount\":528,\"commentCount\":0,\"publisher\":{\"@id\":\"https:\/\/www.tuexitoacademico.com\/blog\/#organization\"},\"image\":{\"@id\":\"https:\/\/www.tuexitoacademico.com\/blog\/marco-teorico\/marco-teorico-de-la-tesis\/#primaryimage\"},\"thumbnailUrl\":\"https:\/\/www.tuexitoacademico.com\/blog\/wp-content\/uploads\/2014\/02\/books-408220_640.jpg\",\"keywords\":[\"capitulo II tesis\",\"tesis\",\"trabajo de investigacion\"],\"articleSection\":[\"Marco Te\u00f3rico\"],\"inLanguage\":\"es\",\"potentialAction\":[{\"@type\":\"CommentAction\",\"name\":\"Comment\",\"target\":[\"https:\/\/www.tuexitoacademico.com\/blog\/marco-teorico\/marco-teorico-de-la-tesis\/#respond\"]}]},{\"@type\":\"WebPage\",\"@id\":\"https:\/\/www.tuexitoacademico.com\/blog\/marco-teorico\/marco-teorico-de-la-tesis\/\",\"url\":\"https:\/\/www.tuexitoacademico.com\/blog\/marco-teorico\/marco-teorico-de-la-tesis\/\",\"name\":\"Marco Teorico de la Tesis o Trabajo de investigacion\",\"isPartOf\":{\"@id\":\"https:\/\/www.tuexitoacademico.com\/blog\/#website\"},\"primaryImageOfPage\":{\"@id\":\"https:\/\/www.tuexitoacademico.com\/blog\/marco-teorico\/marco-teorico-de-la-tesis\/#primaryimage\"},\"image\":{\"@id\":\"https:\/\/www.tuexitoacademico.com\/blog\/marco-teorico\/marco-teorico-de-la-tesis\/#primaryimage\"},\"thumbnailUrl\":\"https:\/\/www.tuexitoacademico.com\/blog\/wp-content\/uploads\/2014\/02\/books-408220_640.jpg\",\"datePublished\":\"2014-02-26T21:39:24+00:00\",\"dateModified\":\"2019-10-02T01:40:01+00:00\",\"description\":\"Marco Teorico de la tesis o trabajo de investigaci\u00f3n es el cap\u00edtulo m\u00e1s importante porque es donde se reunen toda la teoria que sustentara el an\u00e1lisis de\",\"breadcrumb\":{\"@id\":\"https:\/\/www.tuexitoacademico.com\/blog\/marco-teorico\/marco-teorico-de-la-tesis\/#breadcrumb\"},\"inLanguage\":\"es\",\"potentialAction\":[{\"@type\":\"ReadAction\",\"target\":[\"https:\/\/www.tuexitoacademico.com\/blog\/marco-teorico\/marco-teorico-de-la-tesis\/\"]}]},{\"@type\":\"ImageObject\",\"inLanguage\":\"es\",\"@id\":\"https:\/\/www.tuexitoacademico.com\/blog\/marco-teorico\/marco-teorico-de-la-tesis\/#primaryimage\",\"url\":\"https:\/\/www.tuexitoacademico.com\/blog\/wp-content\/uploads\/2014\/02\/books-408220_640.jpg\",\"contentUrl\":\"https:\/\/www.tuexitoacademico.com\/blog\/wp-content\/uploads\/2014\/02\/books-408220_640.jpg\",\"width\":640,\"height\":426,\"caption\":\"marco-teorico\"},{\"@type\":\"BreadcrumbList\",\"@id\":\"https:\/\/www.tuexitoacademico.com\/blog\/marco-teorico\/marco-teorico-de-la-tesis\/#breadcrumb\",\"itemListElement\":[{\"@type\":\"ListItem\",\"position\":1,\"name\":\"Home\",\"item\":\"https:\/\/www.tuexitoacademico.com\/blog\/\"},{\"@type\":\"ListItem\",\"position\":2,\"name\":\"Marco Teorico de la Tesis o Trabajo de la investigacion\"}]},{\"@type\":\"WebSite\",\"@id\":\"https:\/\/www.tuexitoacademico.com\/blog\/#website\",\"url\":\"https:\/\/www.tuexitoacademico.com\/blog\/\",\"name\":\"TuExitoAcademico\",\"description\":\"Asesoria para trabajos de investigaci\u00f3n\",\"publisher\":{\"@id\":\"https:\/\/www.tuexitoacademico.com\/blog\/#organization\"},\"potentialAction\":[{\"@type\":\"SearchAction\",\"target\":{\"@type\":\"EntryPoint\",\"urlTemplate\":\"https:\/\/www.tuexitoacademico.com\/blog\/?s={search_term_string}\"},\"query-input\":{\"@type\":\"PropertyValueSpecification\",\"valueRequired\":true,\"valueName\":\"search_term_string\"}}],\"inLanguage\":\"es\"},{\"@type\":\"Organization\",\"@id\":\"https:\/\/www.tuexitoacademico.com\/blog\/#organization\",\"name\":\"TuExitoAcademico\",\"url\":\"https:\/\/www.tuexitoacademico.com\/blog\/\",\"logo\":{\"@type\":\"ImageObject\",\"inLanguage\":\"es\",\"@id\":\"https:\/\/www.tuexitoacademico.com\/blog\/#\/schema\/logo\/image\/\",\"url\":\"https:\/\/www.tuexitoacademico.com\/blog\/wp-content\/uploads\/2018\/07\/cropped-proyecto-de-investigacion.png\",\"contentUrl\":\"https:\/\/www.tuexitoacademico.com\/blog\/wp-content\/uploads\/2018\/07\/cropped-proyecto-de-investigacion.png\",\"width\":1920,\"height\":140,\"caption\":\"TuExitoAcademico\"},\"image\":{\"@id\":\"https:\/\/www.tuexitoacademico.com\/blog\/#\/schema\/logo\/image\/\"},\"sameAs\":[\"https:\/\/www.facebook.com\/laprofemat\"]},{\"@type\":\"Person\",\"@id\":\"https:\/\/www.tuexitoacademico.com\/blog\/#\/schema\/person\/121bbf13ca9952958759a5de19347917\",\"name\":\"laprofe\",\"image\":{\"@type\":\"ImageObject\",\"inLanguage\":\"es\",\"@id\":\"https:\/\/www.tuexitoacademico.com\/blog\/#\/schema\/person\/image\/\",\"url\":\"https:\/\/secure.gravatar.com\/avatar\/8833f8af7ab462eb07b35dbbcd64bf9199ae8b93b45efa55f4f65472e7080431?s=96&d=mm&r=g\",\"contentUrl\":\"https:\/\/secure.gravatar.com\/avatar\/8833f8af7ab462eb07b35dbbcd64bf9199ae8b93b45efa55f4f65472e7080431?s=96&d=mm&r=g\",\"caption\":\"laprofe\"}}]}<\/script>\n<!-- \/ Yoast SEO plugin. -->","yoast_head_json":{"title":"Marco Teorico de la Tesis o Trabajo de investigacion","description":"Marco Teorico de la tesis o trabajo de investigaci\u00f3n es el cap\u00edtulo m\u00e1s importante porque es donde se reunen toda la teoria que sustentara el an\u00e1lisis de","robots":{"index":"index","follow":"follow","max-snippet":"max-snippet:-1","max-image-preview":"max-image-preview:large","max-video-preview":"max-video-preview:-1"},"canonical":"https:\/\/www.tuexitoacademico.com\/blog\/marco-teorico\/marco-teorico-de-la-tesis\/","og_locale":"es_ES","og_type":"article","og_title":"Marco Teorico de la Tesis o Trabajo de investigacion","og_description":"Marco Teorico de la tesis o trabajo de investigaci\u00f3n es el cap\u00edtulo m\u00e1s importante porque es donde se reunen toda la teoria que sustentara el an\u00e1lisis de","og_url":"https:\/\/www.tuexitoacademico.com\/blog\/marco-teorico\/marco-teorico-de-la-tesis\/","og_site_name":"TuExitoAcademico","article_publisher":"https:\/\/www.facebook.com\/laprofemat","article_published_time":"2014-02-26T21:39:24+00:00","article_modified_time":"2019-10-02T01:40:01+00:00","og_image":[{"width":640,"height":426,"url":"https:\/\/www.tuexitoacademico.com\/blog\/wp-content\/uploads\/2014\/02\/books-408220_640.jpg","type":"image\/jpeg"}],"author":"laprofe","twitter_card":"summary_large_image","twitter_misc":{"Escrito por":"laprofe","Tiempo de lectura":"3 minutos"},"schema":{"@context":"https:\/\/schema.org","@graph":[{"@type":"Article","@id":"https:\/\/www.tuexitoacademico.com\/blog\/marco-teorico\/marco-teorico-de-la-tesis\/#article","isPartOf":{"@id":"https:\/\/www.tuexitoacademico.com\/blog\/marco-teorico\/marco-teorico-de-la-tesis\/"},"author":{"name":"laprofe","@id":"https:\/\/www.tuexitoacademico.com\/blog\/#\/schema\/person\/121bbf13ca9952958759a5de19347917"},"headline":"Marco Teorico de la Tesis o Trabajo de la investigacion","datePublished":"2014-02-26T21:39:24+00:00","dateModified":"2019-10-02T01:40:01+00:00","mainEntityOfPage":{"@id":"https:\/\/www.tuexitoacademico.com\/blog\/marco-teorico\/marco-teorico-de-la-tesis\/"},"wordCount":528,"commentCount":0,"publisher":{"@id":"https:\/\/www.tuexitoacademico.com\/blog\/#organization"},"image":{"@id":"https:\/\/www.tuexitoacademico.com\/blog\/marco-teorico\/marco-teorico-de-la-tesis\/#primaryimage"},"thumbnailUrl":"https:\/\/www.tuexitoacademico.com\/blog\/wp-content\/uploads\/2014\/02\/books-408220_640.jpg","keywords":["capitulo II tesis","tesis","trabajo de investigacion"],"articleSection":["Marco Te\u00f3rico"],"inLanguage":"es","potentialAction":[{"@type":"CommentAction","name":"Comment","target":["https:\/\/www.tuexitoacademico.com\/blog\/marco-teorico\/marco-teorico-de-la-tesis\/#respond"]}]},{"@type":"WebPage","@id":"https:\/\/www.tuexitoacademico.com\/blog\/marco-teorico\/marco-teorico-de-la-tesis\/","url":"https:\/\/www.tuexitoacademico.com\/blog\/marco-teorico\/marco-teorico-de-la-tesis\/","name":"Marco Teorico de la Tesis o Trabajo de investigacion","isPartOf":{"@id":"https:\/\/www.tuexitoacademico.com\/blog\/#website"},"primaryImageOfPage":{"@id":"https:\/\/www.tuexitoacademico.com\/blog\/marco-teorico\/marco-teorico-de-la-tesis\/#primaryimage"},"image":{"@id":"https:\/\/www.tuexitoacademico.com\/blog\/marco-teorico\/marco-teorico-de-la-tesis\/#primaryimage"},"thumbnailUrl":"https:\/\/www.tuexitoacademico.com\/blog\/wp-content\/uploads\/2014\/02\/books-408220_640.jpg","datePublished":"2014-02-26T21:39:24+00:00","dateModified":"2019-10-02T01:40:01+00:00","description":"Marco Teorico de la tesis o trabajo de investigaci\u00f3n es el cap\u00edtulo m\u00e1s importante porque es donde se reunen toda la teoria que sustentara el an\u00e1lisis de","breadcrumb":{"@id":"https:\/\/www.tuexitoacademico.com\/blog\/marco-teorico\/marco-teorico-de-la-tesis\/#breadcrumb"},"inLanguage":"es","potentialAction":[{"@type":"ReadAction","target":["https:\/\/www.tuexitoacademico.com\/blog\/marco-teorico\/marco-teorico-de-la-tesis\/"]}]},{"@type":"ImageObject","inLanguage":"es","@id":"https:\/\/www.tuexitoacademico.com\/blog\/marco-teorico\/marco-teorico-de-la-tesis\/#primaryimage","url":"https:\/\/www.tuexitoacademico.com\/blog\/wp-content\/uploads\/2014\/02\/books-408220_640.jpg","contentUrl":"https:\/\/www.tuexitoacademico.com\/blog\/wp-content\/uploads\/2014\/02\/books-408220_640.jpg","width":640,"height":426,"caption":"marco-teorico"},{"@type":"BreadcrumbList","@id":"https:\/\/www.tuexitoacademico.com\/blog\/marco-teorico\/marco-teorico-de-la-tesis\/#breadcrumb","itemListElement":[{"@type":"ListItem","position":1,"name":"Home","item":"https:\/\/www.tuexitoacademico.com\/blog\/"},{"@type":"ListItem","position":2,"name":"Marco Teorico de la Tesis o Trabajo de la investigacion"}]},{"@type":"WebSite","@id":"https:\/\/www.tuexitoacademico.com\/blog\/#website","url":"https:\/\/www.tuexitoacademico.com\/blog\/","name":"TuExitoAcademico","description":"Asesoria para trabajos de investigaci\u00f3n","publisher":{"@id":"https:\/\/www.tuexitoacademico.com\/blog\/#organization"},"potentialAction":[{"@type":"SearchAction","target":{"@type":"EntryPoint","urlTemplate":"https:\/\/www.tuexitoacademico.com\/blog\/?s={search_term_string}"},"query-input":{"@type":"PropertyValueSpecification","valueRequired":true,"valueName":"search_term_string"}}],"inLanguage":"es"},{"@type":"Organization","@id":"https:\/\/www.tuexitoacademico.com\/blog\/#organization","name":"TuExitoAcademico","url":"https:\/\/www.tuexitoacademico.com\/blog\/","logo":{"@type":"ImageObject","inLanguage":"es","@id":"https:\/\/www.tuexitoacademico.com\/blog\/#\/schema\/logo\/image\/","url":"https:\/\/www.tuexitoacademico.com\/blog\/wp-content\/uploads\/2018\/07\/cropped-proyecto-de-investigacion.png","contentUrl":"https:\/\/www.tuexitoacademico.com\/blog\/wp-content\/uploads\/2018\/07\/cropped-proyecto-de-investigacion.png","width":1920,"height":140,"caption":"TuExitoAcademico"},"image":{"@id":"https:\/\/www.tuexitoacademico.com\/blog\/#\/schema\/logo\/image\/"},"sameAs":["https:\/\/www.facebook.com\/laprofemat"]},{"@type":"Person","@id":"https:\/\/www.tuexitoacademico.com\/blog\/#\/schema\/person\/121bbf13ca9952958759a5de19347917","name":"laprofe","image":{"@type":"ImageObject","inLanguage":"es","@id":"https:\/\/www.tuexitoacademico.com\/blog\/#\/schema\/person\/image\/","url":"https:\/\/secure.gravatar.com\/avatar\/8833f8af7ab462eb07b35dbbcd64bf9199ae8b93b45efa55f4f65472e7080431?s=96&d=mm&r=g","contentUrl":"https:\/\/secure.gravatar.com\/avatar\/8833f8af7ab462eb07b35dbbcd64bf9199ae8b93b45efa55f4f65472e7080431?s=96&d=mm&r=g","caption":"laprofe"}}]}},"_links":{"self":[{"href":"https:\/\/www.tuexitoacademico.com\/blog\/wp-json\/wp\/v2\/posts\/225","targetHints":{"allow":["GET"]}}],"collection":[{"href":"https:\/\/www.tuexitoacademico.com\/blog\/wp-json\/wp\/v2\/posts"}],"about":[{"href":"https:\/\/www.tuexitoacademico.com\/blog\/wp-json\/wp\/v2\/types\/post"}],"author":[{"embeddable":true,"href":"https:\/\/www.tuexitoacademico.com\/blog\/wp-json\/wp\/v2\/users\/1"}],"replies":[{"embeddable":true,"href":"https:\/\/www.tuexitoacademico.com\/blog\/wp-json\/wp\/v2\/comments?post=225"}],"version-history":[{"count":0,"href":"https:\/\/www.tuexitoacademico.com\/blog\/wp-json\/wp\/v2\/posts\/225\/revisions"}],"wp:featuredmedia":[{"embeddable":true,"href":"https:\/\/www.tuexitoacademico.com\/blog\/wp-json\/wp\/v2\/media\/270"}],"wp:attachment":[{"href":"https:\/\/www.tuexitoacademico.com\/blog\/wp-json\/wp\/v2\/media?parent=225"}],"wp:term":[{"taxonomy":"category","embeddable":true,"href":"https:\/\/www.tuexitoacademico.com\/blog\/wp-json\/wp\/v2\/categories?post=225"},{"taxonomy":"post_tag","embeddable":true,"href":"https:\/\/www.tuexitoacademico.com\/blog\/wp-json\/wp\/v2\/tags?post=225"}],"curies":[{"name":"wp","href":"https:\/\/api.w.org\/{rel}","templated":true}]}}